{"id":956,"date":"2016-03-19T16:02:40","date_gmt":"2016-03-19T14:02:40","guid":{"rendered":"http:\/\/marx-21.net\/?p=956"},"modified":"2017-03-07T22:17:39","modified_gmt":"2017-03-07T19:17:39","slug":"istanbuldaki-bombali-saldiriyi-lanetliyoruz","status":"publish","type":"post","link":"https:\/\/marx-21.net\/?p=956","title":{"rendered":"\u0130stanbul&#8217;daki bombal\u0131 sald\u0131r\u0131y\u0131 lanetliyoruz"},"content":{"rendered":"<p>HDP MYK&#8217;s\u0131 19 Mart&#8217;ta \u0130stanbul Taksim&#8217;de ger\u00e7ekle\u015fen\u00a0bombalama eylemini k\u0131nayan bir a\u00e7\u0131klama yapt\u0131.<!--more--><\/p>\n<p>A\u015fa\u011f\u0131da konuyla ilgili Radikal&#8217;in web sitesinde yer alan haberi aktar\u0131yoruz.<\/p>\n<p>&nbsp;<\/p>\n<p><a href=\"http:\/\/marx-21.net\/wp-content\/uploads\/2016\/03\/hdp_mor-logo.jpeg\"><img loading=\"lazy\" decoding=\"async\" class=\"aligncenter size-full wp-image-959\" src=\"http:\/\/marx-21.net\/wp-content\/uploads\/2016\/03\/hdp_mor-logo.jpeg\" alt=\"hdp_mor-logo\" width=\"620\" height=\"333\" srcset=\"https:\/\/marx-21.net\/wp-content\/uploads\/2016\/03\/hdp_mor-logo.jpeg 620w, https:\/\/marx-21.net\/wp-content\/uploads\/2016\/03\/hdp_mor-logo-300x161.jpeg 300w, https:\/\/marx-21.net\/wp-content\/uploads\/2016\/03\/hdp_mor-logo-102x55.jpeg 102w\" sizes=\"auto, (max-width: 620px) 100vw, 620px\" \/><\/a><\/p>\n<p style=\"text-align: center;\"><em>Foto: www.radikal.com.tr<\/em><\/p>\n<div class=\"content-area\">\n<h1 class=\"turkiye-tc\">HDP: \u0130stanbul&#8217;daki bombal\u0131 sald\u0131r\u0131y\u0131 lanetliyoruz<\/h1>\n<\/div>\n<div class=\"news-content-summary clearfix\">\n<div class=\"content-area\">\n<h5>HDP Genel Merkezi&#8217;nden yap\u0131lan a\u00e7\u0131klamada \u0130stanbul&#8217;daki ter\u00f6r sald\u0131r\u0131s\u0131 lanetlendi: &#8220;Bu sald\u0131r\u0131 da \u00f6nceki Ankara sald\u0131r\u0131s\u0131nda oldu\u011fu gibi do\u011frudan sivilleri hedef alan bir ter\u00f6r eylemidir&#8230;&#8221;<\/h5>\n<p>HDP&#8217;den Taksim&#8217;deki bombal\u0131 sald\u0131r\u0131yla ilgili olarak yap\u0131lan a\u00e7\u0131klamada, <strong>&#8220;Sivil yurtta\u015flar\u0131m\u0131z\u0131n bulundu\u011fu bir yerde, her g\u00fcn ve saatte insanlar\u0131n i\u015fine gitti\u011fi, al\u0131\u015fveri\u015f yapt\u0131\u011f\u0131 bir mahalde yap\u0131lan bu sald\u0131r\u0131, kim taraf\u0131ndan yap\u0131lm\u0131\u015f olursa olsun asla kabul edilemez, mazur g\u00f6sterilemez. Bu sald\u0131r\u0131 da \u00f6nceki Ankara sald\u0131r\u0131s\u0131nda oldu\u011fu gibi do\u011frudan sivilleri hedef alan bir ter\u00f6r eylemidir&#8221;<\/strong> denildi.<\/p>\n<p>HDP taraf\u0131ndan yap\u0131lan a\u00e7\u0131klama \u015f\u00f6yle:<\/p>\n<p><em><strong>\u0130stanbul\u2019daki bombal\u0131 sald\u0131r\u0131y\u0131 lanetliyoruz<\/strong><\/em><\/p>\n<p><em>\u0130stanbul \u0130stiklal Caddesi\u2019nde bu sabah meydana gelen bombal\u0131 sald\u0131r\u0131y\u0131 lanetliyoruz. Sivil yurtta\u015flar\u0131m\u0131z\u0131n bulundu\u011fu bir yerde, her g\u00fcn ve saatte insanlar\u0131n i\u015fine gitti\u011fi, al\u0131\u015fveri\u015f yapt\u0131\u011f\u0131 bir mahalde yap\u0131lan bu sald\u0131r\u0131, kim taraf\u0131ndan yap\u0131lm\u0131\u015f olursa olsun asla kabul edilemez, mazur g\u00f6sterilemez. Bu sald\u0131r\u0131 da \u00f6nceki Ankara sald\u0131r\u0131s\u0131nda oldu\u011fu gibi do\u011frudan sivilleri hedef alan bir ter\u00f6r eylemidir.<\/em><\/p>\n<p><em>Bu sald\u0131r\u0131da hayat\u0131n\u0131 kaybeden yurtta\u015flar\u0131m\u0131za rahmet, ailelerine ba\u015fsa\u011fl\u0131\u011f\u0131 ve yaral\u0131lara acil \u015fifalar diliyoruz.<\/em><\/p>\n<p><em>T\u00fcrkiye toplumu her ge\u00e7en g\u00fcn Saray\u2019\u0131n ve siyasi iktidar\u0131n i\u00e7 ve d\u0131\u015f politikadaki yanl\u0131\u015f ve tutars\u0131z politikalar\u0131, devlet \u015fiddetini artt\u0131ran, \u00f6zg\u00fcrl\u00fckler alan\u0131n\u0131 daraltan uygulamalar\u0131 nedeniyle b\u00fcy\u00fck bir kutupla\u015fma, b\u00f6l\u00fcnme, ayr\u0131\u015fma ve nefret s\u00f6ylemi y\u00fckseli\u015fi ile kar\u015f\u0131 kar\u015f\u0131yad\u0131r.<\/em><\/p>\n<p><em>Demokratik siyaset alan\u0131n\u0131n gitgide daralt\u0131ld\u0131\u011f\u0131 ve bir ola\u011fan\u00fcst\u00fc hal durumuna ilerlenen bu ortamdan h\u0131zla \u00e7\u0131k\u0131lmal\u0131 ve her t\u00fcrl\u00fc siyasal toplumsal sorunumuzun \u00e7\u00f6z\u00fcm\u00fc i\u00e7in Meclis\u2019te bulunan partiler demokratik ad\u0131mlar atmal\u0131d\u0131r. Sa\u011fduyulu bir m\u00fczakere ortam\u0131n\u0131n yarat\u0131lmas\u0131 acil ihtiya\u00e7t\u0131r.<\/em><\/p>\n<p><em>T\u00fcm demokrasi ve bar\u0131\u015f g\u00fc\u00e7leri, demokrat ve vicdan sahibi her yurtta\u015f\u0131m\u0131z, sivil toplum \u00f6rg\u00fctleri bu y\u00f6nde geli\u015fmelerin ya\u015fanabilmesi i\u00e7in giri\u015fimde bulunmal\u0131d\u0131r. Ge\u00e7en her g\u00fcn tahribat artmaktad\u0131r.<\/em><\/p>\n<p><em>Sald\u0131r\u0131y\u0131 bir kez daha en sert \u015fekilde k\u0131n\u0131yor, t\u00fcm halk\u0131m\u0131za ba\u015fsa\u011fl\u0131\u011f\u0131 diliyoruz.<\/em><\/p>\n<p>&nbsp;<\/p>\n<\/div>\n<\/div>\n<p style=\"text-align: right;\"><em>&#8220;http:\/\/www.radikal.com.tr\/turkiye\/hdp-istanbuldaki-bombali-saldiriyi-lanetliyoruz-1532721&#8221; adresinden al\u0131nm\u0131\u015ft\u0131r.<\/em><\/p>\n","protected":false},"excerpt":{"rendered":"<p>HDP MYK&#8217;s\u0131 19 Mart&#8217;ta \u0130stanbul Taksim&#8217;de ger\u00e7ekle\u015fen\u00a0bombalama eylemini k\u0131nayan bir a\u00e7\u0131klama yapt\u0131.<\/p>\n","protected":false},"author":1,"featured_media":959,"comment_status":"open","ping_status":"open","sticky":false,"template":"","format":"standard","meta":{"footnotes":""},"categories":[65],"tags":[510,49,50,43,38,35,133,512,86,297,509,11,511],"class_list":["post-956","post","type-post","status-publish","format-standard","has-post-thumbnail","hentry","category-gundem","tag-bomba","tag-darbe","tag-devrim","tag-ekonomik-kriz","tag-halklarin-demokratik-partisi","tag-hdp","tag-isci-sinifi","tag-kinama","tag-kurt-sorunu","tag-selahattin-demirtas","tag-selo","tag-sosyalizm","tag-taksim"],"_links":{"self":[{"href":"https:\/\/marx-21.net\/index.php?rest_route=\/wp\/v2\/posts\/956","targetHints":{"allow":["GET"]}}],"collection":[{"href":"https:\/\/marx-21.net\/index.php?rest_route=\/wp\/v2\/posts"}],"about":[{"href":"https:\/\/marx-21.net\/index.php?rest_route=\/wp\/v2\/types\/post"}],"author":[{"embeddable":true,"href":"https:\/\/marx-21.net\/index.php?rest_route=\/wp\/v2\/users\/1"}],"replies":[{"embeddable":true,"href":"https:\/\/marx-21.net\/index.php?rest_route=%2Fwp%2Fv2%2Fcomments&post=956"}],"version-history":[{"count":2,"href":"https:\/\/marx-21.net\/index.php?rest_route=\/wp\/v2\/posts\/956\/revisions"}],"predecessor-version":[{"id":990,"href":"https:\/\/marx-21.net\/index.php?rest_route=\/wp\/v2\/posts\/956\/revisions\/990"}],"wp:featuredmedia":[{"embeddable":true,"href":"https:\/\/marx-21.net\/index.php?rest_route=\/wp\/v2\/media\/959"}],"wp:attachment":[{"href":"https:\/\/marx-21.net\/index.php?rest_route=%2Fwp%2Fv2%2Fmedia&parent=956"}],"wp:term":[{"taxonomy":"category","embeddable":true,"href":"https:\/\/marx-21.net\/index.php?rest_route=%2Fwp%2Fv2%2Fcategories&post=956"},{"taxonomy":"post_tag","embeddable":true,"href":"https:\/\/marx-21.net\/index.php?rest_route=%2Fwp%2Fv2%2Ftags&post=956"}],"curies":[{"name":"wp","href":"https:\/\/api.w.org\/{rel}","templated":true}]}}