{"id":808,"date":"2015-01-29T17:08:39","date_gmt":"2015-01-29T15:08:39","guid":{"rendered":"http:\/\/marx-21.net\/?p=808"},"modified":"2015-02-02T18:27:43","modified_gmt":"2015-02-02T16:27:43","slug":"808","status":"publish","type":"post","link":"https:\/\/marx-21.net\/?p=808","title":{"rendered":"HDP: Bu grev hepimizin grevi"},"content":{"rendered":"<p style=\"text-align: left;\">D\u0130SK&#8217;e ba\u011fl\u0131 Birle\u015fik Metal \u0130\u015f Sendikas\u0131\u2019na \u00fcye metal i\u015f\u00e7ileri 29 Ocak\u2019ta greve \u00e7\u0131k\u0131yor.<!--more--><\/p>\n<p style=\"text-align: center;\"><a href=\"http:\/\/marx-21.net\/wp-content\/uploads\/2015\/01\/metalci-grevi.jpg\"><img loading=\"lazy\" decoding=\"async\" class=\"aligncenter size-full wp-image-811\" alt=\"metalci-grevi\" src=\"http:\/\/marx-21.net\/wp-content\/uploads\/2015\/01\/metalci-grevi.jpg\" width=\"710\" height=\"371\" srcset=\"https:\/\/marx-21.net\/wp-content\/uploads\/2015\/01\/metalci-grevi.jpg 710w, https:\/\/marx-21.net\/wp-content\/uploads\/2015\/01\/metalci-grevi-300x157.jpg 300w, https:\/\/marx-21.net\/wp-content\/uploads\/2015\/01\/metalci-grevi-105x55.jpg 105w\" sizes=\"auto, (max-width: 710px) 100vw, 710px\" \/><\/a><em>Foto: www.kocaeligazetesi.com.tr<\/em><\/p>\n<p>Metal i\u015f\u00e7ileri,<\/p>\n<blockquote><p>&#8211; Emeklerinin kar\u015f\u0131l\u0131\u011f\u0131n\u0131 alamad\u0131klar\u0131,<\/p>\n<p>&#8211; E\u015fitsiz \u00fccret uygulamalar\u0131nda iyile\u015ftirme yap\u0131larak adalet sa\u011flanmad\u0131\u011f\u0131,<\/p>\n<p>&#8211; 2 y\u0131ll\u0131k s\u00f6zle\u015fme yerine 3 y\u0131ll\u0131k s\u00f6zle\u015fme dayatmas\u0131yla ucuz i\u015f\u00e7ili\u011fin kal\u0131c\u0131la\u015ft\u0131r\u0131lmas\u0131na boyun e\u011fmedikleri,<\/p>\n<p>&#8211; Metal End\u00fcstrisi \u0130\u015fverenler Sendikas\u0131\u2019n\u0131n (MESS) dayatmalar\u0131n\u0131 reddettikleri ve onurluca ya\u015fay\u0131p insanca ko\u015fullarda \u00e7al\u0131\u015fmak i\u00e7in greve gidiyor.<\/p><\/blockquote>\n<p>Patronlar, maliyetleri d\u00fc\u015f\u00fcrmek ve karlar\u0131n\u0131 azami oranda art\u0131rmak amac\u0131yla, \u00fccretler aras\u0131ndaki e\u015fitsizli\u011fi peki\u015ftirmek ve ucuz i\u015f\u00e7ili\u011fi kal\u0131c\u0131la\u015ft\u0131rmak i\u00e7in, 2 y\u0131l yerine 3 y\u0131ll\u0131k s\u00f6zle\u015fme d\u00fczenini dayat\u0131yorlar. Metal i\u015f\u00e7ileri, bu dayatmay\u0131 reddediyor ve greve \u00e7\u0131k\u0131yor.<\/p>\n<p><span style=\"line-height: 1.5em;\">Metal i\u015f\u00e7ilerinin grevi, ba\u015fta \u00fccretli \u00e7al\u0131\u015fanlar olmak \u00fczere, hepimizin \u00e7al\u0131\u015fma ve sosyal ya\u015fam\u0131n\u0131 do\u011frudan etkileyecek \u00f6zellikler ta\u015f\u0131yor. Metal i\u015fkolu, T\u00fcrkiye sanayisi a\u00e7\u0131s\u0131ndan en \u00f6nemli i\u015fkollar\u0131ndan birisidir. ISO\u2019nun ilk 500 \u015firket ara\u015ft\u0131rmas\u0131nda, ilk 10 firmadan 7\u2019si, 50 firmadan 25\u2019i metal i\u015fkolundad\u0131r. T\u00fcrkiye\u2019de toplu s\u00f6zle\u015fmeden yararlanabilen yakla\u015f\u0131k 700 bin i\u015f\u00e7iden 120 bini metal i\u015fkolunda \u00e7al\u0131\u015f\u0131yor. Kamu s\u00f6zle\u015fmelerinden sonra, en \u00e7ok say\u0131da i\u015f\u00e7iyi ilgilendiren ve di\u011fer i\u015fkollar\u0131ndaki i\u015f\u00e7ilere emsal g\u00f6sterilen s\u00f6zle\u015fmeler bu i\u015fkolunda yap\u0131l\u0131yor.<\/span><\/p>\n<p><span style=\"line-height: 1.5em;\">Bu grev hakl\u0131 ve me\u015fru bir grevdir. Metal i\u015f\u00e7ileri, b\u00fcy\u00fck sermayenin ve h\u00fck\u00fcmetin i\u015f\u00e7iler \u00fczerindeki ku\u015fatmas\u0131n\u0131 k\u0131rmak, kendi emekleri \u00fczerinde s\u00f6z ve karar sahibi olmak i\u00e7in greve \u00e7\u0131k\u0131yorlar. Bu nedenle metal i\u015f\u00e7ilerinin grevi, yaln\u0131zca kendileri i\u00e7in de\u011fil, farkl\u0131 i\u015fkollar\u0131nda d\u00fc\u015f\u00fck \u00fccretlerle \u00e7al\u0131\u015fanlar\u0131n, sendikas\u0131z, g\u00fcvencesiz i\u015f\u00e7ilerin ve b\u00fct\u00fcn i\u015fkollar\u0131ndaki kafa ve kol emek\u00e7ilerinin grevi anlam\u0131na geliyor. Metal i\u015f\u00e7ilerinin kazan\u0131m\u0131 t\u00fcm i\u015f\u00e7i s\u0131n\u0131f\u0131n\u0131n ve ezilenlerin kazan\u0131m\u0131 olacakt\u0131r.<\/span><\/p>\n<p><span style=\"line-height: 1.5em;\">HDP olarak greve \u00e7\u0131kan i\u015f\u00e7ileri y\u00fcrekten selaml\u0131yoruz; grev boyunca onlarla omuz omuza olaca\u011f\u0131m\u0131z\u0131, ihtiya\u00e7 duyduklar\u0131 her t\u00fcrl\u00fc destek ve dayan\u0131\u015fmay\u0131 g\u00f6sterece\u011fimizi kamuoyuna ilan ediyoruz.<\/span><\/p>\n<p><span style=\"line-height: 1.5em;\">Daha \u015fimdiden metal i\u015f\u00e7ilerini yaln\u0131zla\u015ft\u0131rmak ve grevi ba\u015far\u0131s\u0131zl\u0131\u011fa u\u011fratmak isteyen i\u015fveren sendikas\u0131 MESS\u2019in ve AKP\u00a0H\u00fck\u00fcmeti\u2019nin bask\u0131lar\u0131na ve grev k\u0131r\u0131c\u0131 giri\u015fimlerine kar\u015f\u0131 b\u00fct\u00fcn i\u015f\u00e7ileri, emek\u00e7ileri, ezilenleri ve toplumsal muhalefet g\u00fc\u00e7lerini grevcilerle dayan\u0131\u015fmaya \u00e7a\u011f\u0131r\u0131yoruz.<\/span><\/p>\n<p style=\"text-align: right;\"><b style=\"line-height: 1.5em;\">G\u00fcnay Kubilay &#8211;\u00a0<\/b><b>HDP E\u015f Genel Ba\u015fkan Yard\u0131mc\u0131s\u0131<\/b><\/p>\n<p style=\"text-align: right;\"><b>27 Ocak 2015<\/b><\/p>\n","protected":false},"excerpt":{"rendered":"<p>D\u0130SK&#8217;e ba\u011fl\u0131 Birle\u015fik Metal \u0130\u015f Sendikas\u0131\u2019na \u00fcye metal i\u015f\u00e7ileri 29 Ocak\u2019ta greve \u00e7\u0131k\u0131yor.<\/p>\n","protected":false},"author":1,"featured_media":811,"comment_status":"open","ping_status":"open","sticky":false,"template":"","format":"standard","meta":{"footnotes":""},"categories":[65],"tags":[17,50,43,25,312,38,35,133,12,8,7,6,13,408,11,9,24,34],"class_list":["post-808","post","type-post","status-publish","format-standard","has-post-thumbnail","hentry","category-gundem","tag-bolsevik","tag-devrim","tag-ekonomik-kriz","tag-enternasyonel","tag-grev","tag-halklarin-demokratik-partisi","tag-hdp","tag-isci-sinifi","tag-komunizm","tag-lenin","tag-marksizm","tag-marx","tag-marx21","tag-metal-iscileri","tag-sosyalizm","tag-trocki","tag-trockist","tag-ysgp"],"_links":{"self":[{"href":"https:\/\/marx-21.net\/index.php?rest_route=\/wp\/v2\/posts\/808","targetHints":{"allow":["GET"]}}],"collection":[{"href":"https:\/\/marx-21.net\/index.php?rest_route=\/wp\/v2\/posts"}],"about":[{"href":"https:\/\/marx-21.net\/index.php?rest_route=\/wp\/v2\/types\/post"}],"author":[{"embeddable":true,"href":"https:\/\/marx-21.net\/index.php?rest_route=\/wp\/v2\/users\/1"}],"replies":[{"embeddable":true,"href":"https:\/\/marx-21.net\/index.php?rest_route=%2Fwp%2Fv2%2Fcomments&post=808"}],"version-history":[{"count":8,"href":"https:\/\/marx-21.net\/index.php?rest_route=\/wp\/v2\/posts\/808\/revisions"}],"predecessor-version":[{"id":817,"href":"https:\/\/marx-21.net\/index.php?rest_route=\/wp\/v2\/posts\/808\/revisions\/817"}],"wp:featuredmedia":[{"embeddable":true,"href":"https:\/\/marx-21.net\/index.php?rest_route=\/wp\/v2\/media\/811"}],"wp:attachment":[{"href":"https:\/\/marx-21.net\/index.php?rest_route=%2Fwp%2Fv2%2Fmedia&parent=808"}],"wp:term":[{"taxonomy":"category","embeddable":true,"href":"https:\/\/marx-21.net\/index.php?rest_route=%2Fwp%2Fv2%2Fcategories&post=808"},{"taxonomy":"post_tag","embeddable":true,"href":"https:\/\/marx-21.net\/index.php?rest_route=%2Fwp%2Fv2%2Ftags&post=808"}],"curies":[{"name":"wp","href":"https:\/\/api.w.org\/{rel}","templated":true}]}}