{"id":646,"date":"2014-09-18T18:18:51","date_gmt":"2014-09-18T15:18:51","guid":{"rendered":"http:\/\/marx-21.net\/?p=646"},"modified":"2014-10-27T12:02:20","modified_gmt":"2014-10-27T10:02:20","slug":"iskocyada-bagimsizlik-referandumundan-cikacak-sonuc-ne-anlama-geliyor","status":"publish","type":"post","link":"https:\/\/marx-21.net\/?p=646","title":{"rendered":"\u0130sko\u00e7ya&#8217;da ba\u011f\u0131ms\u0131zl\u0131k referandumundan \u00e7\u0131kacak sonu\u00e7 ne anlama geliyor?"},"content":{"rendered":"<p>Chris Stephenson: E\u011fer \u0130sko\u00e7 halk\u0131 per\u015fembe g\u00fcn\u00fc &#8216;Evet&#8217; oyu kullan\u0131rsa, o zaman \u015fok dalgalar\u0131 d\u00fcnya elitlerini vuracak<!--more--><\/p>\n<p style=\"text-align: center;\"><a href=\"http:\/\/marx-21.net\/wp-content\/uploads\/2014\/09\/iskoc-ref_web.jpg\"><img loading=\"lazy\" decoding=\"async\" class=\"aligncenter size-full wp-image-647\" alt=\"iskoc-ref_web\" src=\"http:\/\/marx-21.net\/wp-content\/uploads\/2014\/09\/iskoc-ref_web.jpg\" width=\"710\" height=\"355\" srcset=\"https:\/\/marx-21.net\/wp-content\/uploads\/2014\/09\/iskoc-ref_web.jpg 710w, https:\/\/marx-21.net\/wp-content\/uploads\/2014\/09\/iskoc-ref_web-300x150.jpg 300w, https:\/\/marx-21.net\/wp-content\/uploads\/2014\/09\/iskoc-ref_web-110x55.jpg 110w, https:\/\/marx-21.net\/wp-content\/uploads\/2014\/09\/iskoc-ref_web-220x110.jpg 220w\" sizes=\"auto, (max-width: 710px) 100vw, 710px\" \/><\/a><em>Foto: www.t24.com.tr<\/em><\/p>\n<p style=\"text-align: right;\"><em><strong>Chris Stephenson<\/strong><\/em><\/p>\n<p>\u0130ngiliz y\u00f6netici s\u0131n\u0131f\u0131 panik i\u00e7inde. 18 Eyl\u00fcl Per\u015fembe g\u00fcn\u00fc yap\u0131lacak \u0130sko\u00e7ya&#8217;n\u0131n ba\u011f\u0131ms\u0131zl\u0131\u011f\u0131 referandumunun \u201cEvet\u201d oyuyla sonu\u00e7lanmas\u0131 \u015fimdi olduk\u00e7a g\u00fc\u00e7l\u00fc bir olas\u0131l\u0131k. Kamuoyu yoklamalar\u0131 \u015fu anda \u201cEvet\u201d ve \u201cHay\u0131r\u201d oylar\u0131n\u0131n birbirine \u00e7ok yak\u0131n oldu\u011funu g\u00f6steriyor.<\/p>\n<p>Referandum \u0130ngiliz h\u00fck\u00fcmeti taraf\u0131ndan, \u0130sko\u00e7ya i\u00e7in daha fazla otonomi \u00e7a\u011fr\u0131lar\u0131n\u0131 geriletme amac\u0131yla \u00e7a\u011fr\u0131ld\u0131. Daha fazla otonomi se\u00e7ene\u011fini oylamadan \u00e7\u0131kararak ve \u00e7o\u011funlu\u011fun b\u00f6ylece daha u\u00e7 se\u00e7enek olan ba\u011f\u0131ms\u0131zl\u0131\u011fa kar\u015f\u0131 oy kullanaca\u011f\u0131n\u0131 var sayarak kumar oynad\u0131lar. Kamuoyu yoklamalar\u0131 ba\u011f\u0131ms\u0131zl\u0131k i\u00e7in \u201cHay\u0131r\u201d oyu \u00e7\u0131kaca\u011f\u0131n\u0131 g\u00f6steriyordu. B\u00f6ylece bu yol g\u00fcvenli g\u00f6r\u00fcn\u00fcyordu (ta ki referandum kampanyas\u0131 ba\u015flayana kadar). \u015eimdi ba\u011f\u0131ms\u0131zl\u0131k i\u00e7in sadece \u201cEvet\u201d ya da \u201cHay\u0131r\u201d se\u00e7enekleriyle referandum \u00e7a\u011fr\u0131s\u0131nda bulunmak \u0130ngiliz y\u00f6netici s\u0131n\u0131f\u0131 a\u00e7\u0131s\u0131ndan ola\u011fan\u00fcst\u00fc yanl\u0131\u015f bir hesap gibi g\u00f6r\u00fcnmeye ba\u015flad\u0131.<\/p>\n<p>Panikleyen sadece \u0130ngiliz y\u00f6netici s\u0131n\u0131f\u0131 de\u011fil. Deutsche Bank ba\u011f\u0131ms\u0131zl\u0131\u011f\u0131n \u0130sko\u00e7ya&#8217;da 1929 benzeri bir iflas\u0131n ve durgunlu\u011fun tetikleyicisi olabilece\u011fine dair beyanda bulundu. \u00c7in h\u00fck\u00fcmeti de \u0130sko\u00e7ya&#8217;n\u0131n ba\u011f\u0131ms\u0131zl\u0131\u011f\u0131na kar\u015f\u0131. \u0130ngiltere Ba\u015fbakan\u0131 David Cameron b\u00fcy\u00fck ticaret ve banka patronlar\u0131n\u0131 arad\u0131 ve onlara ba\u011f\u0131ms\u0131zl\u0131\u011f\u0131n y\u0131k\u0131c\u0131 sonu\u00e7lar\u0131 olabilece\u011fine dair a\u00e7\u0131klamalarda bulunmalar\u0131n\u0131 s\u00f6yledi. Bu \u015firketlerin pek \u00e7o\u011fu panik havas\u0131n\u0131 art\u0131rarak gere\u011fini yapt\u0131.<\/p>\n<p>Y\u00f6netici s\u0131n\u0131f\u0131n paniklemesinin \u00e7ok fazla nedeni var:<\/p>\n<p>E\u011fer \u0130sko\u00e7ya ba\u011f\u0131ms\u0131zl\u0131k i\u00e7in evet oyu kullan\u0131rsa, Birle\u015fik Krall\u0131k topraklar\u0131n\u0131n \u00fc\u00e7te birini ve n\u00fcfusunun onda birini kaybedecek.<\/p>\n<p>Birle\u015fik Krall\u0131k bir zamanlar d\u00fcnyan\u0131n d\u00f6rtte birini y\u00f6netmi\u015f n\u00fckleer bir d\u00fcnya g\u00fcc\u00fc ve hala Birle\u015fmi\u015f Milletler G\u00fcvenlik Konseyi&#8217;nin be\u015f daimi \u00fcyesinden biri.<\/p>\n<p>Birle\u015fik Krall\u0131k&#8217;\u0131n olduk\u00e7a pahal\u0131 Trident n\u00fckleer f\u00fcze denizalt\u0131lar\u0131 g\u00fcc\u00fc \u0130sko\u00e7ya&#8217;da bulunuyor. Bunlar kolayca ta\u015f\u0131namaz. Ama \u0130sko\u00e7 halk\u0131 bunlar\u0131n varl\u0131\u011f\u0131na her zaman kar\u015f\u0131 \u00e7\u0131k\u0131lm\u0131\u015ft\u0131. Dolay\u0131s\u0131yla ba\u011f\u0131ms\u0131z bir \u0130sko\u00e7ya&#8217;n\u0131n Trident&#8217;leri d\u0131\u015far\u0131 \u00e7\u0131karaca\u011f\u0131 neredeyse kesin.<\/p>\n<p>\u0130sko\u00e7ya ve denizleri Avrupa Birli\u011fi&#8217;nin bilinen t\u00fcm gaz ve petrol rezervlerinin %60&#8217;\u0131n\u0131 i\u00e7eriyor. Ayn\u0131 zamanda AB&#8217;nin r\u00fczgar ve gelgit enerjisinin %25&#8217;ine ve AB&#8217;nin dalga enerjisi potansiyelinin %10&#8217;nuna sahip. \u0130sko\u00e7 h\u00fck\u00fcmeti 2020&#8217;ye kadar elektrik enerjisinin %100&#8217;\u00fcn\u00fc yenilenebilir enerjiden \u00fcretmeyi planl\u0131yor.<\/p>\n<p>\u0130sko\u00e7 ba\u011f\u0131ms\u0131zl\u0131\u011f\u0131n\u0131n ekonomik \u00f6nemi pani\u011fin tek nedeni de\u011fil. \u0130sko\u00e7 ba\u011f\u0131ms\u0131zl\u0131\u011f\u0131ndan ilham alabilecek etnik az\u0131nl\u0131klar ya da b\u00f6lgeler, Avrupa h\u00fck\u00fcmetlerini referandumun politik sonu\u00e7lar\u0131 a\u00e7\u0131s\u0131ndan da korkutuyor.<\/p>\n<p>\u0130sko\u00e7 halk\u0131 aras\u0131nda ba\u011f\u0131ms\u0131zl\u0131\u011fa destekteki art\u0131\u015f k\u00fclt\u00fcrel milliyet\u00e7ilikten ziyade, bu oyun, Londra h\u00fck\u00fcmeti taraf\u0131ndan \u0130sko\u00e7ya&#8217;ya zorla kabul ettiriliyormu\u015f gibi g\u00f6r\u00fclen neoliberal ekonomi politikalar\u0131n\u0131 reddetme \u015fans\u0131 verecek olmas\u0131ndan kaynaklan\u0131yor. Yaln\u0131zca 50 bin ki\u015fi (\u0130sko\u00e7ya&#8217;n\u0131n n\u00fcfusunun yakla\u015f\u0131k %1&#8217;i) \u0130sko\u00e7 dilini (Kelt dili) konu\u015fuyor. \u0130kna edici arg\u00fcmanlardan biri, \u0130ngiliz parlamento se\u00e7imlerinde \u0130sko\u00e7ya&#8217;n\u0131n hi\u00e7bir zaman Muhafazakar milletvekillerinin \u00e7o\u011funu se\u00e7medi\u011fi, ama y\u0131llarca Margaret Thatcher&#8217;\u0131nki gibi Muhafazakar h\u00fck\u00fcmetlerden ya da \u015fu an David Cameron&#8217;un liderli\u011findeki Muhafazakar-Liberal koalisyondan \u00e7ok \u00e7ekti\u011fine dair.<\/p>\n<p>Asl\u0131nda \u0130ngiliz Parlamentosu&#8217;na \u0130sko\u00e7ya&#8217;dan se\u00e7ilen \u015fimdiki 59 milletvekilinden yaln\u0131zca biri Muhafazakar Parti&#8217;den. 41&#8217;i \u0130\u015f\u00e7i Partisi&#8217;nden, 11&#8217;i Liberal Demokrat\u2019lardan ve yaln\u0131zca 6&#8217;s\u0131 \u0130sko\u00e7 Milliyet\u00e7ileri&#8217;nden.<\/p>\n<p>Bir \u00e7e\u015fit nispi temsil bi\u00e7imiyle se\u00e7ilen \u0130sko\u00e7 Parlamentosu&#8217;nda \u0130sko\u00e7 Ulusal Partisi \u00e7o\u011funlukta. \u0130\u015f\u00e7i Partisi ve 5 Ye\u015fil milletvekilinden olu\u015fan muhalefet koltuklar\u0131n yar\u0131s\u0131ndan biraz az\u0131na sahip. 129 koltuklu \u0130sko\u00e7 Parlamentosu&#8217;nda yaln\u0131zca 15 Muhafazakar var.<\/p>\n<p>\u201cCesur Y\u00fcrek\u201d tarihsel olarak \u015fimdiye kadar yap\u0131lm\u0131\u015f en hatal\u0131 film olarak g\u00f6steriliyor. Yani William Wallace k\u0131l\u0131\u011f\u0131nda Mel Gibson, \u0130sko\u00e7ya\u2019n\u0131n geleneklerini temsil etmiyor. \u0130sko\u00e7ya&#8217;n\u0131n ger\u00e7ek gelene\u011fi bir i\u015f\u00e7i s\u0131n\u0131f\u0131 direni\u015fi gelene\u011fi. \u0130sko\u00e7ya&#8217;n\u0131n tersaneleri ve fabrikalar\u0131 19. y\u00fczy\u0131ldan beri direni\u015fin merkeziydi. Birinci D\u00fcnya Sava\u015f\u0131&#8217;ndan \u00f6nce, \u0130sko\u00e7 Marksist John Maclean, Glasgow&#8217;un en b\u00fcy\u00fck konser salonu olan Kelvin Hall&#8217;de Marx&#8217;\u0131n Kapital&#8217;i \u00fczerine pazar konferanslar\u0131 verebiliyordu. Gelen binlerce i\u015f\u00e7i salona s\u0131\u011fmay\u0131nca ayn\u0131 konu\u015fmay\u0131 iki defa \u00fcste \u00fcste yapard\u0131. Birinci D\u00fcnya Sava\u015f\u0131 s\u0131ras\u0131nda Maclean sava\u015fa kar\u015f\u0131 propaganda yapmaktan hapse at\u0131ld\u0131. Hapisten \u00e7\u0131k\u0131nca y\u00fcz bin i\u015f\u00e7i MacLean\u2019i kap\u0131da kar\u015f\u0131lad\u0131 ve hep beraber Glasgow merkezine kadar y\u00fcr\u00fcd\u00fcler. Sava\u015f sonras\u0131 Glasgow\u2019da muazzam bir i\u015fyeri temsilcileri hareketi geli\u015fti.<\/p>\n<p>1971&#8217;de Upper Clyde Tersanesi i\u015f\u00e7ileri taraf\u0131ndan, i\u015fgalin \u00e7evresindeki t\u00fcm \u0130sko\u00e7 halk\u0131n\u0131 i\u00e7ine alan hareket hala devam ettiriliyordu. Glasgow sokaklar\u0131nda y\u00fczbinlerce ki\u015fi y\u00fcr\u00fcd\u00fc. Baz\u0131 tersaneler ve pek \u00e7ok fabrika kapat\u0131ld\u0131ktan sonra bile, Margaret Thatcher&#8217;\u0131n nefret edilen kelle vergisi \u0130sko\u00e7ya&#8217;ya bir y\u0131l \u00f6nceden getirilmi\u015fti. Bu y\u00f6netici s\u0131n\u0131f\u0131n bir hatas\u0131yd\u0131. Milyonlarca \u0130sko\u00e7 hanesinden destek alan, verginin \u00f6denmemesi i\u00e7in geni\u015f bir kampanya vard\u0131. Bu vergi \u0130ngiltere ve Galler&#8217;e getirildi\u011fi zaman, verginin \u00f6denmemesi i\u00e7in \u00e7oktan b\u00fcy\u00fck ve ba\u015far\u0131l\u0131 bir kampanyan\u0131n \u00f6rne\u011fi oldu\u011fu anlam\u0131na geliyor. \u0130ngiltere ve Galler halk\u0131 \u00f6nc\u00fcl\u00fc\u011f\u00fc \u0130sko\u00e7ya&#8217;dan devrald\u0131, kampanya \u0130ngiltere&#8217;de harekete ge\u00e7ti, kelle vergisi yenilgiye u\u011frat\u0131ld\u0131 ve Margaret Thatcher d\u00fc\u015f\u00fcr\u00fcld\u00fc. Bu Londra h\u00fck\u00fcmetini \u0130sko\u00e7 otonomisi talebine \u00f6d\u00fcn vermeye zorlayan tetikleyicilerden biriydi.<\/p>\n<p>\u0130sko\u00e7 halk\u0131 i\u00e7in mesele, bug\u00fcn \u0130sko\u00e7 Parlamentosu&#8217;nun 1999&#8217;da olu\u015fturuldu\u011fundan beri yerel politikalar konusunda elindeki otonomiyle neler yapt\u0131\u011f\u0131na bak\u0131ld\u0131\u011f\u0131nda netlik kazan\u0131r.<\/p>\n<p>\u0130sko\u00e7ya, \u0130ngiltere ve Galler&#8217;de serveti fakirden zengine yeniden da\u011f\u0131tan refah devletine kar\u015f\u0131 neo liberal sald\u0131r\u0131lardan baz\u0131lar\u0131na direniyor. Britanya&#8217;n\u0131n geri kalan\u0131nda \u00fcniversitelerin \u015fu an y\u0131ll\u0131k 30.000 TL \u00f6\u011frenci katk\u0131 pay\u0131 (har\u00e7) var. \u0130sko\u00e7ya, \u0130sko\u00e7ya&#8217;daki \u00fcniversite e\u011fitimini \u00fccretsiz tutmak i\u00e7in otonomisini kulland\u0131. Ya\u015fl\u0131lar\u0131n bak\u0131m\u0131 da hala \u00fccretsiz yap\u0131l\u0131yor. \u0130ngiltere ve Galler\u2019de devlet hastaneleri \u015firketlere d\u00f6n\u00fc\u015ft\u00fcr\u00fcl\u00fcrken, \u0130sko\u00e7ya&#8217;da devlet hastanelerinin \u00f6zelle\u015ftirilmesi engellendi. \u0130sko\u00e7ya\u2019da doktor re\u00e7etesiyle al\u0131nan ila\u00e7lar bedava olmaya devam ediyor.<\/p>\n<p>Direni\u015f gelene\u011fi \u0130sko\u00e7 Ulusal Partisi&#8217;nin radikalizminden gelmiyor. Direni\u015f \u0130sko\u00e7 h\u00fck\u00fcmetlerine a\u015fa\u011f\u0131dan dayat\u0131ld\u0131, \u00e7\u00fcnk\u00fc \u0130sko\u00e7ya&#8217;da kendilerini se\u00e7en insanlara \u00e7ok daha yak\u0131nlar.<\/p>\n<p>Se\u00e7imle ilgili aritmetik ilgin\u00e7. \u0130sko\u00e7ya \u0130ngiliz Parlamentosu&#8217;na a\u011f\u0131rl\u0131kl\u0131 olarak \u0130\u015f\u00e7i Partisi milletvekillerini se\u00e7iyor. \u0130\u015f\u00e7i Partisi kesintilere ve serbest piyasa neo liberalizmine kar\u015f\u0131 t\u00fcm muhalefetini terk etti. Ayr\u0131ca \u00f6zellikle \u0130\u015f\u00e7i Partisi Ba\u015fbakan\u0131 Tony Blair&#8217;in George W. Bush&#8217;un 2003 Irak i\u015fgaline fanatik deste\u011fiyle emperyal projelere dahil oldu. \u0130\u015f\u00e7i Partisi ayn\u0131 zamanda \u0130sko\u00e7 ba\u011f\u0131ms\u0131zl\u0131\u011f\u0131na kar\u015f\u0131. T\u00fcm bunlar \u0130\u015f\u00e7i Partisi&#8217;ne oy veren insanlar aras\u0131nda hi\u00e7 de pop\u00fcler olmayan politikalar.<\/p>\n<p>\u0130\u015fin asl\u0131 \u0130sko\u00e7ya&#8217;dan \u0130ngiliz Parlamentosu&#8217;na se\u00e7ilen 59 milletvekilinden 53&#8217;\u00fcyle temsil eden \u00fc\u00e7 ana \u0130ngiliz siyasi partisi de, \u0130sko\u00e7 ba\u011f\u0131ms\u0131zl\u0131\u011f\u0131na kar\u015f\u0131. A\u00e7\u0131k ki bu milletvekilleri i\u00e7in oy kullanan insanlar\u0131n yakla\u015f\u0131k yar\u0131s\u0131 \u0130sko\u00e7 ba\u011f\u0131ms\u0131zl\u0131\u011f\u0131n\u0131 destekliyor.<\/p>\n<p>\u0130sko\u00e7 referandumuyla halka, normal bir se\u00e7imde olmayacak bir tercih sunuluyor. \u0130ngiliz Parlamentosu&#8217;ndaki \u00fc\u00e7 ana &#8220;se\u00e7ilebilir&#8221; parti de neo liberal politikalar\u0131, kesintileri ve refah devletine sald\u0131r\u0131lar\u0131 destekliyor. \u015eimdi \u0130sko\u00e7 halk\u0131 bunun az \u00e7ok birbirine benzer \u00fc\u00e7 partiden birini se\u00e7mekle ilgili olmad\u0131\u011f\u0131n\u0131, ama tercihin i\u015flerin eski yolla m\u0131 yoksa yeni bir yolla m\u0131 y\u00fcr\u00fct\u00fclece\u011fi aras\u0131nda oldu\u011funun fark\u0131na vard\u0131lar. B\u00f6ylece \u0130sko\u00e7 referandumu bizim, iki aday\u0131n eski d\u00fczenin farkl\u0131 versiyonlar\u0131n\u0131 ve bir aday\u0131n radikal alternatifi temsil etti\u011fi kendi Cumhurba\u015fkanl\u0131\u011f\u0131 se\u00e7imimizin bir benzeri. \u0130sko\u00e7 se\u00e7men i\u00e7in ba\u011f\u0131ms\u0131zl\u0131k, radikal demokrasiyi deneme \u015fans\u0131.<\/p>\n<p>Bu se\u00e7imdeki farkl\u0131l\u0131\u011f\u0131n bir g\u00f6stergesi de se\u00e7ime kat\u0131l\u0131mda. Britanya&#8217;da son se\u00e7imlerde kat\u0131l\u0131m oranlar\u0131 giderek d\u00fc\u015ft\u00fc. \u0130nsanlar birbirinin ayn\u0131 olan partiler aras\u0131nda se\u00e7im yapmaya y\u00fcz \u00e7eviriyorlar. Ancak \u0130sko\u00e7 referandumunda kat\u0131l\u0131m oran\u0131 olduk\u00e7a y\u00fcksek olacak g\u00f6r\u00fcn\u00fcyor. Ge\u00e7en ay 100 binden fazla yeni insan oy kullanmak i\u00e7in kaydoldu.<\/p>\n<p>E\u011fer \u0130sko\u00e7 halk\u0131 per\u015fembe g\u00fcn\u00fc \u201cEvet\u201d oyu kullan\u0131rsa, o zaman \u015fok dalgalar\u0131 d\u00fcnya elitlerini vuracak. Rubert Murdoch bile &#8220;Bu libertaryanlara ve a\u015f\u0131r\u0131 sola kap\u0131 a\u00e7acak&#8221; diye tweet att\u0131. Bu her yerde neo liberalizme muhalif olanlara ilham olabilir. E\u011fer oylama kaybedilirse, \u00e7ok k\u00fc\u00e7\u00fck bir farkla kaybedilecek ve \u0130ngiliz h\u00fck\u00fcmeti \u0130sko\u00e7 otonomisini artt\u0131rmak i\u00e7in h\u0131zla harekete ge\u00e7meye zorlanacak. Bu durum yaln\u0131zca hesapla\u015fmay\u0131 erteleyecek. Referandumla \u0130sko\u00e7 halk\u0131 k\u0131s\u0131nt\u0131lara, n\u00fckleer silahlara, sava\u015fa hay\u0131r; refaha, \u00fccretsiz sa\u011fl\u0131k ve e\u011fitim hizmetine evet demeyi umuyorlar. Onlar\u0131 hayal k\u0131r\u0131kl\u0131\u011f\u0131na u\u011fratacak herhangi bir politikac\u0131, ister \u0130ngiliz ister \u0130sko\u00e7 olsun, zor zamanlar ge\u00e7irecek.<\/p>\n<p>&nbsp;<\/p>\n<p style=\"text-align: right;\">&#8220;<em>http:\/\/t24.com.tr\/haber\/iskocyada-bagimsizlik-referandumundan-cikacak-sonuc-ne-anlama-geliyor,271026<\/em>&#8221; adresinden al\u0131nm\u0131\u015ft\u0131r.<\/p>\n","protected":false},"excerpt":{"rendered":"<p>Chris Stephenson: E\u011fer \u0130sko\u00e7 halk\u0131 per\u015fembe g\u00fcn\u00fc &#8216;Evet&#8217; oyu kullan\u0131rsa, o zaman \u015fok dalgalar\u0131 d\u00fcnya elitlerini vuracak<\/p>\n","protected":false},"author":1,"featured_media":647,"comment_status":"open","ping_status":"open","sticky":false,"template":"","format":"standard","meta":{"footnotes":""},"categories":[65],"tags":[335,41,43,25,334,133,332,12,8,7,6,13,333,11,9,24],"class_list":["post-646","post","type-post","status-publish","format-standard","has-post-thumbnail","hentry","category-gundem","tag-bagimsizlik-referandumu","tag-chris-stephenson","tag-ekonomik-kriz","tag-enternasyonel","tag-ingiltere","tag-isci-sinifi","tag-iskocya","tag-komunizm","tag-lenin","tag-marksizm","tag-marx","tag-marx21","tag-referandum","tag-sosyalizm","tag-trocki","tag-trockist"],"_links":{"self":[{"href":"https:\/\/marx-21.net\/index.php?rest_route=\/wp\/v2\/posts\/646","targetHints":{"allow":["GET"]}}],"collection":[{"href":"https:\/\/marx-21.net\/index.php?rest_route=\/wp\/v2\/posts"}],"about":[{"href":"https:\/\/marx-21.net\/index.php?rest_route=\/wp\/v2\/types\/post"}],"author":[{"embeddable":true,"href":"https:\/\/marx-21.net\/index.php?rest_route=\/wp\/v2\/users\/1"}],"replies":[{"embeddable":true,"href":"https:\/\/marx-21.net\/index.php?rest_route=%2Fwp%2Fv2%2Fcomments&post=646"}],"version-history":[{"count":3,"href":"https:\/\/marx-21.net\/index.php?rest_route=\/wp\/v2\/posts\/646\/revisions"}],"predecessor-version":[{"id":650,"href":"https:\/\/marx-21.net\/index.php?rest_route=\/wp\/v2\/posts\/646\/revisions\/650"}],"wp:featuredmedia":[{"embeddable":true,"href":"https:\/\/marx-21.net\/index.php?rest_route=\/wp\/v2\/media\/647"}],"wp:attachment":[{"href":"https:\/\/marx-21.net\/index.php?rest_route=%2Fwp%2Fv2%2Fmedia&parent=646"}],"wp:term":[{"taxonomy":"category","embeddable":true,"href":"https:\/\/marx-21.net\/index.php?rest_route=%2Fwp%2Fv2%2Fcategories&post=646"},{"taxonomy":"post_tag","embeddable":true,"href":"https:\/\/marx-21.net\/index.php?rest_route=%2Fwp%2Fv2%2Ftags&post=646"}],"curies":[{"name":"wp","href":"https:\/\/api.w.org\/{rel}","templated":true}]}}