{"id":216,"date":"2014-03-30T00:00:37","date_gmt":"2014-03-29T22:00:37","guid":{"rendered":"http:\/\/marx-21.net\/?p=216"},"modified":"2018-11-08T13:58:29","modified_gmt":"2018-11-08T10:58:29","slug":"marx21-sayi-4-kuresel-kriz-kuresel-direnis","status":"publish","type":"post","link":"https:\/\/marx-21.net\/?p=216","title":{"rendered":"Marx21 Say\u0131 4: K\u00fcresel kriz, k\u00fcresel direni\u015f"},"content":{"rendered":"<p><!--more--><\/p>\n<p><a href=\"http:\/\/marx-21.net\/wp-content\/uploads\/2014\/03\/marx21-kapak_4.jpg\"><img loading=\"lazy\" decoding=\"async\" class=\"size-full wp-image-217 alignleft\" src=\"http:\/\/marx-21.net\/wp-content\/uploads\/2014\/03\/marx21-kapak_4.jpg\" alt=\"marx21-kapak_4\" width=\"261\" height=\"374\" srcset=\"https:\/\/marx-21.net\/wp-content\/uploads\/2014\/03\/marx21-kapak_4.jpg 261w, https:\/\/marx-21.net\/wp-content\/uploads\/2014\/03\/marx21-kapak_4-209x300.jpg 209w, https:\/\/marx-21.net\/wp-content\/uploads\/2014\/03\/marx21-kapak_4-38x55.jpg 38w\" sizes=\"auto, (max-width: 261px) 100vw, 261px\" \/><\/a><strong>Bu say\u0131da yer alan yaz\u0131lar:<\/strong><\/p>\n<ul>\n<li><a title=\"\u00d6ns\u00f6z\" href=\"https:\/\/marx-21.net\/?page_id=223\">\u00d6ns\u00f6z<strong> &#8211; <em>Chris Stephenson<\/em><\/strong><\/a><\/li>\n<li><a title=\"\u00c7alkant\u0131l\u0131 Sularda Y\u00f6n Aray\u0131\u015f\u0131\" href=\"https:\/\/marx-21.net\/?page_id=227\">\u00c7alkant\u0131l\u0131 sularda y\u00f6n aray\u0131\u015f\u0131 &#8211; <em><strong>Alex Callinicos<\/strong><\/em><\/a><\/li>\n<li><a title=\"21. Y\u00fczy\u0131lda K\u00fcresel \u015eehirler, K\u00fcresel \u0130\u015f\u00e7iler\" href=\"https:\/\/marx-21.net\/?page_id=245\">21. yyy.da k\u00fcresel \u015fehirler, k\u00fcresel i\u015f\u00e7iler &#8211; <em><strong>Mike Haynes<\/strong><\/em><\/a><\/li>\n<li><a title=\"Suriye\u2019de \u00c7etin S\u0131nav\" href=\"https:\/\/marx-21.net\/?page_id=287\">Suriye&#8217;de \u00e7etin s\u0131nav &#8211; <em><strong>Jonathan Maunder<\/strong><\/em><\/a><\/li>\n<li><a title=\"M\u0131s\u0131r: Demokratik Devrimin Geli\u015fen Ruhu\" href=\"https:\/\/marx-21.net\/?page_id=297\">M\u0131s\u0131r: Demokratik devriminin geli\u015fen toplumsal ruhu &#8211;<em><strong> Anne Alexander<\/strong><\/em><\/a><\/li>\n<li><a title=\"Euro Krizi\" href=\"https:\/\/marx-21.net\/?page_id=338\">Euro krizi &#8211; <em><strong>Costas Lapavistas<\/strong><\/em><\/a><\/li>\n<li><a title=\"ABD\u2019de \u201c\u0130\u015fgal Et\u201d Hareketi ve S\u0131n\u0131f Politikas\u0131\" href=\"https:\/\/marx-21.net\/?page_id=344\">ABD&#8217;de &#8220;i\u015fgal et&#8221; hareketi ve s\u0131n\u0131f politikas\u0131 &#8211; <em><strong>Megan Trudell<\/strong><\/em><\/a><\/li>\n<li><a title=\"\u201cKimse Bizi Temsil Etmiyor\u201d: \u0130spanya\u2019da 15 May\u0131s Hareketi\" href=\"https:\/\/marx-21.net\/?page_id=360\">&#8220;Kimse bizi temsil etmiyor&#8221;: \u0130spanya&#8217;da 15 May\u0131s Hareketi &#8211; <em><strong>Andy Durgan, Joel Sans<\/strong><\/em><\/a><\/li>\n<\/ul>\n<p style=\"text-align: left;\">\n<p><strong><span style=\"color: #800000;\">NOT:<\/span> Kitab\u0131n bas\u0131lm\u0131\u015f halini internet \u00fczerinden indirimli olarak sat\u0131n almak i\u00e7in:\u00a0<a href=\"https:\/\/urun.n11.com\/politika-ve-siyaset\/kuresel-kriz-kuresel-direnis-P295436834\" target=\"_blank\" rel=\"noopener\">https:\/\/urun.n11.com\/politika-ve-siyaset\/kuresel-kriz-kuresel-direnis-P295436834<\/a><\/strong><\/p>\n","protected":false},"excerpt":{"rendered":"","protected":false},"author":1,"featured_media":219,"comment_status":"open","ping_status":"open","sticky":false,"template":"","format":"standard","meta":{"footnotes":""},"categories":[76],"tags":[165,127,145,146,40,101,100,102,141,128,161,140,138,142,163,41,10,50,159,43,48,58,135,126,162,152,132,150,115,133,124,129,151,155,12,130,8,139,149,136,7,6,13,131,46,137,157,158,143,144,123,125,134,164,154,147,21,22,148,91,93,153,156,9,24,120,160],"class_list":["post-216","post","type-post","status-publish","format-standard","has-post-thumbnail","hentry","category-marx21-eski","tag-15-m","tag-ab","tag-abdulnasr","tag-alevi","tag-alex-callinicos","tag-arap-bahari","tag-arap-devrimi","tag-arap-devrimleri","tag-arap-sosyalist-partisi","tag-avrupa-birligi","tag-avrupa-merkez-bankasi","tag-baas","tag-ben-ali","tag-birlesik-arap-cumhuriyeti","tag-cay-partisi","tag-chris-stephenson","tag-cliff","tag-devrim","tag-devrimi-savunma-halk-komiteleri","tag-ekonomik-kriz","tag-el-sisi","tag-erdogan","tag-euro","tag-euro-krizi","tag-eurozone","tag-filistin","tag-haynes","tag-hizbullah","tag-iran","tag-isci-sinifi","tag-isgal-et","tag-ispanya-15-mayis","tag-israil","tag-irak","tag-komunizm","tag-kuresellesme","tag-lenin","tag-libya","tag-lubnan","tag-m","tag-marksizm","tag-marx","tag-marx21","tag-mike-haynes","tag-misir","tag-mubarek","tag-musluman-kardesler","tag-musri","tag-nasir","tag-nasr","tag-occupy","tag-occupy-wall-street","tag-ortadogu","tag-psoe","tag-saddam","tag-sii","tag-stalin","tag-stalinizm","tag-sunni","tag-suriye","tag-suriye-ic-savasi","tag-suudi-arabistan","tag-tahrir","tag-trocki","tag-trockist","tag-tunus","tag-yunanistan"],"_links":{"self":[{"href":"https:\/\/marx-21.net\/index.php?rest_route=\/wp\/v2\/posts\/216","targetHints":{"allow":["GET"]}}],"collection":[{"href":"https:\/\/marx-21.net\/index.php?rest_route=\/wp\/v2\/posts"}],"about":[{"href":"https:\/\/marx-21.net\/index.php?rest_route=\/wp\/v2\/types\/post"}],"author":[{"embeddable":true,"href":"https:\/\/marx-21.net\/index.php?rest_route=\/wp\/v2\/users\/1"}],"replies":[{"embeddable":true,"href":"https:\/\/marx-21.net\/index.php?rest_route=%2Fwp%2Fv2%2Fcomments&post=216"}],"version-history":[{"count":19,"href":"https:\/\/marx-21.net\/index.php?rest_route=\/wp\/v2\/posts\/216\/revisions"}],"predecessor-version":[{"id":1237,"href":"https:\/\/marx-21.net\/index.php?rest_route=\/wp\/v2\/posts\/216\/revisions\/1237"}],"wp:featuredmedia":[{"embeddable":true,"href":"https:\/\/marx-21.net\/index.php?rest_route=\/wp\/v2\/media\/219"}],"wp:attachment":[{"href":"https:\/\/marx-21.net\/index.php?rest_route=%2Fwp%2Fv2%2Fmedia&parent=216"}],"wp:term":[{"taxonomy":"category","embeddable":true,"href":"https:\/\/marx-21.net\/index.php?rest_route=%2Fwp%2Fv2%2Fcategories&post=216"},{"taxonomy":"post_tag","embeddable":true,"href":"https:\/\/marx-21.net\/index.php?rest_route=%2Fwp%2Fv2%2Ftags&post=216"}],"curies":[{"name":"wp","href":"https:\/\/api.w.org\/{rel}","templated":true}]}}